{"id":8475,"date":"2023-07-17T15:47:58","date_gmt":"2023-07-17T15:47:58","guid":{"rendered":"https:\/\/www.miyakoshi.eu\/miyakoshi-europe-ist-zum-ersten-mal-bei-der-51-ausgabe-des-nationalen-kongresses-des-franzoesischen-verbands-fuer-selbstklebeetiketten-unfea-vom-29-bis-30-juni-2023-in-annecy-vertreten\/"},"modified":"2023-10-18T09:25:11","modified_gmt":"2023-10-18T09:25:11","slug":"miyakoshi-europe-ist-zum-ersten-mal-bei-der-51-ausgabe-des-nationalen-kongresses-des-franzoesischen-verbands-fuer-selbstklebeetiketten-unfea-vom-29-bis-30-juni-2023-in-annecy-vertreten","status":"publish","type":"post","link":"https:\/\/www.miyakoshi.eu\/de\/miyakoshi-europe-ist-zum-ersten-mal-bei-der-51-ausgabe-des-nationalen-kongresses-des-franzoesischen-verbands-fuer-selbstklebeetiketten-unfea-vom-29-bis-30-juni-2023-in-annecy-vertreten\/","title":{"rendered":"Miyakoshi Europe ist zum ersten Mal bei der 51. Ausgabe des nationalen Kongresses des franz\u00f6sischen Verbands f\u00fcr Selbstklebeetiketten UNFEA vom 29. bis 30. Juni 2023 in Annecy vertreten."},"content":{"rendered":"\t\t<div data-elementor-type=\"wp-post\" data-elementor-id=\"8475\" class=\"elementor elementor-8475 elementor-8436\" data-elementor-post-type=\"post\">\n\t\t\t\t\t\t<section class=\"elementor-section elementor-top-section elementor-element elementor-element-d7f6c69 elementor-section-stretched elementor-section-boxed elementor-section-height-default elementor-section-height-default\" data-id=\"d7f6c69\" data-element_type=\"section\" data-settings=\"{&quot;stretch_section&quot;:&quot;section-stretched&quot;}\">\n\t\t\t\t\t\t<div class=\"elementor-container elementor-column-gap-default\">\n\t\t\t\t\t<div class=\"elementor-column elementor-col-100 elementor-top-column elementor-element elementor-element-351eef2 elementor-invisible\" data-id=\"351eef2\" data-element_type=\"column\" data-settings=\"{&quot;animation&quot;:&quot;fadeInUp&quot;}\">\n\t\t\t<div class=\"elementor-widget-wrap elementor-element-populated\">\n\t\t\t\t\t\t<div class=\"elementor-element elementor-element-e7041ee elementor-invisible elementor-widget elementor-widget-text-editor\" data-id=\"e7041ee\" data-element_type=\"widget\" data-settings=\"{&quot;_animation&quot;:&quot;zoomIn&quot;}\" data-widget_type=\"text-editor.default\">\n\t\t\t\t<div class=\"elementor-widget-container\">\n\t\t\t\t\t\t\t\t\t<p>Wie jedes Jahr h\u00e4lt der franz\u00f6sische Verband der Haftetikettenhersteller (UNFEA) seine Jahreskonferenz ab.<\/p><p><span style=\"font-size: 19px; color: var( --e-global-color-text );\">An der 51. Auflage dieser Veranstaltung, die vom 29. bis 30. Juni im Imp\u00e9rial Palace in Annecy stattfand, nahm auch Miyakoshi Europe teil.<\/span><\/p><p><span style=\"font-size: 19px; color: var( --e-global-color-text );\">Nach der letzten offiziellen Z\u00e4hlung verzeichnete der nationale Verband der Etikettenhersteller 230 Teilnehmer aus insgesamt 122 Unternehmen und Organisationen.<\/span><\/p><p><span style=\"font-size: 19px; color: var( --e-global-color-text );\">Nach der offiziellen Er\u00f6ffnung der Messe bot die diesj\u00e4hrige Ausgabe ein dichtes Programm an Rundtischgespr\u00e4chen und Workshops, an denen Miyakoshi Europe zum ersten Mal mit seinen branchenf\u00fchrenden Maschinen teilnahm.<\/span><\/p>\t\t\t\t\t\t\t\t<\/div>\n\t\t\t\t<\/div>\n\t\t\t\t\t<\/div>\n\t\t<\/div>\n\t\t\t\t\t<\/div>\n\t\t<\/section>\n\t\t\t\t<section class=\"elementor-section elementor-top-section elementor-element elementor-element-5799607 elementor-section-boxed elementor-section-height-default elementor-section-height-default\" data-id=\"5799607\" data-element_type=\"section\">\n\t\t\t\t\t\t<div class=\"elementor-container elementor-column-gap-default\">\n\t\t\t\t\t<div class=\"elementor-column elementor-col-100 elementor-top-column elementor-element elementor-element-47637b6\" data-id=\"47637b6\" data-element_type=\"column\">\n\t\t\t<div class=\"elementor-widget-wrap elementor-element-populated\">\n\t\t\t\t\t\t<div class=\"elementor-element elementor-element-0f0e05b elementor-widget elementor-widget-gallery\" data-id=\"0f0e05b\" data-element_type=\"widget\" data-settings=\"{&quot;columns&quot;:2,&quot;gallery_layout&quot;:&quot;masonry&quot;,&quot;overlay_title&quot;:&quot;caption&quot;,&quot;_animation&quot;:&quot;none&quot;,&quot;gap_tablet&quot;:{&quot;unit&quot;:&quot;px&quot;,&quot;size&quot;:6,&quot;sizes&quot;:[]},&quot;gap&quot;:{&quot;unit&quot;:&quot;px&quot;,&quot;size&quot;:20,&quot;sizes&quot;:[]},&quot;columns_tablet&quot;:2,&quot;columns_mobile&quot;:1,&quot;gap_tablet_extra&quot;:{&quot;unit&quot;:&quot;px&quot;,&quot;size&quot;:10,&quot;sizes&quot;:[]},&quot;gap_mobile&quot;:{&quot;unit&quot;:&quot;px&quot;,&quot;size&quot;:10,&quot;sizes&quot;:[]},&quot;link_to&quot;:&quot;file&quot;,&quot;overlay_background&quot;:&quot;yes&quot;,&quot;content_hover_animation&quot;:&quot;fade-in&quot;}\" data-widget_type=\"gallery.default\">\n\t\t\t\t<div class=\"elementor-widget-container\">\n\t\t\t\t\t\t\t<div class=\"elementor-gallery__container\">\n\t\t\t\t\t\t\t<a class=\"e-gallery-item elementor-gallery-item elementor-animated-content\" href=\"https:\/\/www.miyakoshi.eu\/wp-content\/uploads\/2023\/10\/David.png\" data-elementor-open-lightbox=\"yes\" data-elementor-lightbox-slideshow=\"0f0e05b\" data-elementor-lightbox-title=\"David\" data-e-action-hash=\"#elementor-action%3Aaction%3Dlightbox%26settings%3DeyJpZCI6ODQ1NCwidXJsIjoiaHR0cHM6XC9cL3d3dy5taXlha29zaGkuZXVcL3dwLWNvbnRlbnRcL3VwbG9hZHNcLzIwMjNcLzEwXC9EYXZpZC5wbmciLCJzbGlkZXNob3ciOiIwZjBlMDViIn0%3D\">\n\t\t\t\t\t<div class=\"e-gallery-image elementor-gallery-item__image\" data-thumbnail=\"https:\/\/www.miyakoshi.eu\/wp-content\/uploads\/2023\/10\/David.png\" data-width=\"1060\" data-height=\"960\" aria-label=\"\" role=\"img\" ><\/div>\n\t\t\t\t\t\t\t\t\t\t\t<div class=\"elementor-gallery-item__overlay\"><\/div>\n\t\t\t\t\t\t\t\t\t\t\t\t\t\t\t<div class=\"elementor-gallery-item__content\">\n\t\t\t\t\t\t\t\t\t\t\t<\/div>\n\t\t\t\t\t\t\t\t\t<\/a>\n\t\t\t\t\t\t\t<a class=\"e-gallery-item elementor-gallery-item elementor-animated-content\" href=\"https:\/\/www.miyakoshi.eu\/wp-content\/uploads\/2023\/10\/Said.png\" data-elementor-open-lightbox=\"yes\" data-elementor-lightbox-slideshow=\"0f0e05b\" data-elementor-lightbox-title=\"Said\" data-e-action-hash=\"#elementor-action%3Aaction%3Dlightbox%26settings%3DeyJpZCI6ODQ1OCwidXJsIjoiaHR0cHM6XC9cL3d3dy5taXlha29zaGkuZXVcL3dwLWNvbnRlbnRcL3VwbG9hZHNcLzIwMjNcLzEwXC9TYWlkLnBuZyIsInNsaWRlc2hvdyI6IjBmMGUwNWIifQ%3D%3D\">\n\t\t\t\t\t<div class=\"e-gallery-image elementor-gallery-item__image\" data-thumbnail=\"https:\/\/www.miyakoshi.eu\/wp-content\/uploads\/2023\/10\/Said.png\" data-width=\"960\" data-height=\"869\" aria-label=\"\" role=\"img\" ><\/div>\n\t\t\t\t\t\t\t\t\t\t\t<div class=\"elementor-gallery-item__overlay\"><\/div>\n\t\t\t\t\t\t\t\t\t\t\t\t\t\t\t<div class=\"elementor-gallery-item__content\">\n\t\t\t\t\t\t\t\t\t\t\t<\/div>\n\t\t\t\t\t\t\t\t\t<\/a>\n\t\t\t\t\t<\/div>\n\t\t\t\t\t<\/div>\n\t\t\t\t<\/div>\n\t\t\t\t\t<\/div>\n\t\t<\/div>\n\t\t\t\t\t<\/div>\n\t\t<\/section>\n\t\t\t\t<\/div>\n\t\t","protected":false},"excerpt":{"rendered":"<p>Wie jedes Jahr h\u00e4lt der franz\u00f6sische Verband der Haftetikettenhersteller (UNFEA) seine Jahreskonferenz ab. An der 51. Auflage dieser Veranstaltung, die vom 29. bis 30. Juni im Imp\u00e9rial Palace in Annecy stattfand, nahm auch Miyakoshi Europe teil. Nach der letzten offiziellen Z\u00e4hlung verzeichnete der nationale Verband der Etikettenhersteller 230 Teilnehmer aus insgesamt 122 Unternehmen und Organisationen. [&hellip;]<\/p>\n","protected":false},"author":2,"featured_media":8440,"comment_status":"closed","ping_status":"closed","sticky":false,"template":"","format":"standard","meta":{"site-sidebar-layout":"default","site-content-layout":"default","ast-site-content-layout":"default","site-content-style":"default","site-sidebar-style":"default","ast-global-header-display":"","ast-banner-title-visibility":"","ast-main-header-display":"","ast-hfb-above-header-display":"","ast-hfb-below-header-display":"","ast-hfb-mobile-header-display":"","site-post-title":"","ast-breadcrumbs-content":"","ast-featured-img":"","footer-sml-layout":"","theme-transparent-header-meta":"default","adv-header-id-meta":"","stick-header-meta":"","header-above-stick-meta":"","header-main-stick-meta":"","header-below-stick-meta":"","astra-migrate-meta-layouts":"default","ast-page-background-enabled":"default","ast-page-background-meta":{"desktop":{"background-color":"","background-image":"","background-repeat":"repeat","background-position":"center center","background-size":"auto","background-attachment":"scroll","background-type":"","background-media":"","overlay-type":"","overlay-color":"","overlay-opacity":"","overlay-gradient":""},"tablet":{"background-color":"","background-image":"","background-repeat":"repeat","background-position":"center center","background-size":"auto","background-attachment":"scroll","background-type":"","background-media":"","overlay-type":"","overlay-color":"","overlay-opacity":"","overlay-gradient":""},"mobile":{"background-color":"","background-image":"","background-repeat":"repeat","background-position":"center center","background-size":"auto","background-attachment":"scroll","background-type":"","background-media":"","overlay-type":"","overlay-color":"","overlay-opacity":"","overlay-gradient":""}},"ast-content-background-meta":{"desktop":{"background-color":"var(--ast-global-color-5)","background-image":"","background-repeat":"repeat","background-position":"center center","background-size":"auto","background-attachment":"scroll","background-type":"","background-media":"","overlay-type":"","overlay-color":"","overlay-opacity":"","overlay-gradient":""},"tablet":{"background-color":"var(--ast-global-color-5)","background-image":"","background-repeat":"repeat","background-position":"center center","background-size":"auto","background-attachment":"scroll","background-type":"","background-media":"","overlay-type":"","overlay-color":"","overlay-opacity":"","overlay-gradient":""},"mobile":{"background-color":"var(--ast-global-color-5)","background-image":"","background-repeat":"repeat","background-position":"center center","background-size":"auto","background-attachment":"scroll","background-type":"","background-media":"","overlay-type":"","overlay-color":"","overlay-opacity":"","overlay-gradient":""}},"footnotes":""},"categories":[48],"tags":[],"class_list":["post-8475","post","type-post","status-publish","format-standard","has-post-thumbnail","hentry","category-events-de"],"yoast_head":"<!-- This site is optimized with the Yoast SEO plugin v26.3 - https:\/\/yoast.com\/wordpress\/plugins\/seo\/ -->\n<title>Miyakoshi Europe ist zum ersten Mal bei der 51. Ausgabe des nationalen Kongresses des franz\u00f6sischen Verbands f\u00fcr Selbstklebeetiketten UNFEA vom 29. bis 30. Juni 2023 in Annecy vertreten. | Miyakoshi<\/title>\n<meta name=\"robots\" content=\"index, follow, max-snippet:-1, max-image-preview:large, max-video-preview:-1\" \/>\n<link rel=\"canonical\" href=\"https:\/\/www.miyakoshi.eu\/de\/miyakoshi-europe-ist-zum-ersten-mal-bei-der-51-ausgabe-des-nationalen-kongresses-des-franzoesischen-verbands-fuer-selbstklebeetiketten-unfea-vom-29-bis-30-juni-2023-in-annecy-vertreten\/\" \/>\n<meta property=\"og:locale\" content=\"de_DE\" \/>\n<meta property=\"og:type\" content=\"article\" \/>\n<meta property=\"og:title\" content=\"Miyakoshi Europe ist zum ersten Mal bei der 51. Ausgabe des nationalen Kongresses des franz\u00f6sischen Verbands f\u00fcr Selbstklebeetiketten UNFEA vom 29. bis 30. Juni 2023 in Annecy vertreten. | Miyakoshi\" \/>\n<meta property=\"og:description\" content=\"Wie jedes Jahr h\u00e4lt der franz\u00f6sische Verband der Haftetikettenhersteller (UNFEA) seine Jahreskonferenz ab. An der 51. Auflage dieser Veranstaltung, die vom 29. bis 30. Juni im Imp\u00e9rial Palace in Annecy stattfand, nahm auch Miyakoshi Europe teil. Nach der letzten offiziellen Z\u00e4hlung verzeichnete der nationale Verband der Etikettenhersteller 230 Teilnehmer aus insgesamt 122 Unternehmen und Organisationen. [&hellip;]\" \/>\n<meta property=\"og:url\" content=\"https:\/\/www.miyakoshi.eu\/de\/miyakoshi-europe-ist-zum-ersten-mal-bei-der-51-ausgabe-des-nationalen-kongresses-des-franzoesischen-verbands-fuer-selbstklebeetiketten-unfea-vom-29-bis-30-juni-2023-in-annecy-vertreten\/\" \/>\n<meta property=\"og:site_name\" content=\"Miyakoshi\" \/>\n<meta property=\"article:published_time\" content=\"2023-07-17T15:47:58+00:00\" \/>\n<meta property=\"article:modified_time\" content=\"2023-10-18T09:25:11+00:00\" \/>\n<meta property=\"og:image\" content=\"https:\/\/www.miyakoshi.eu\/wp-content\/uploads\/2023\/10\/UNFEA-2023-Annecy-Final.jpg\" \/>\n\t<meta property=\"og:image:width\" content=\"780\" \/>\n\t<meta property=\"og:image:height\" content=\"309\" \/>\n\t<meta property=\"og:image:type\" content=\"image\/jpeg\" \/>\n<meta name=\"author\" content=\"ivan.lopez\" \/>\n<meta name=\"twitter:card\" content=\"summary_large_image\" \/>\n<meta name=\"twitter:label1\" content=\"Verfasst von\" \/>\n\t<meta name=\"twitter:data1\" content=\"ivan.lopez\" \/>\n<script type=\"application\/ld+json\" class=\"yoast-schema-graph\">{\"@context\":\"https:\/\/schema.org\",\"@graph\":[{\"@type\":\"Article\",\"@id\":\"https:\/\/www.miyakoshi.eu\/de\/miyakoshi-europe-ist-zum-ersten-mal-bei-der-51-ausgabe-des-nationalen-kongresses-des-franzoesischen-verbands-fuer-selbstklebeetiketten-unfea-vom-29-bis-30-juni-2023-in-annecy-vertreten\/#article\",\"isPartOf\":{\"@id\":\"https:\/\/www.miyakoshi.eu\/de\/miyakoshi-europe-ist-zum-ersten-mal-bei-der-51-ausgabe-des-nationalen-kongresses-des-franzoesischen-verbands-fuer-selbstklebeetiketten-unfea-vom-29-bis-30-juni-2023-in-annecy-vertreten\/\"},\"author\":{\"name\":\"ivan.lopez\",\"@id\":\"https:\/\/www.miyakoshi.eu\/de\/#\/schema\/person\/587515eb3857b445667990a1630ad785\"},\"headline\":\"Miyakoshi Europe ist zum ersten Mal bei der 51. Ausgabe des nationalen Kongresses des franz\u00f6sischen Verbands f\u00fcr Selbstklebeetiketten UNFEA vom 29. bis 30. Juni 2023 in Annecy vertreten.\",\"datePublished\":\"2023-07-17T15:47:58+00:00\",\"dateModified\":\"2023-10-18T09:25:11+00:00\",\"mainEntityOfPage\":{\"@id\":\"https:\/\/www.miyakoshi.eu\/de\/miyakoshi-europe-ist-zum-ersten-mal-bei-der-51-ausgabe-des-nationalen-kongresses-des-franzoesischen-verbands-fuer-selbstklebeetiketten-unfea-vom-29-bis-30-juni-2023-in-annecy-vertreten\/\"},\"wordCount\":113,\"publisher\":{\"@id\":\"https:\/\/www.miyakoshi.eu\/de\/#organization\"},\"image\":{\"@id\":\"https:\/\/www.miyakoshi.eu\/de\/miyakoshi-europe-ist-zum-ersten-mal-bei-der-51-ausgabe-des-nationalen-kongresses-des-franzoesischen-verbands-fuer-selbstklebeetiketten-unfea-vom-29-bis-30-juni-2023-in-annecy-vertreten\/#primaryimage\"},\"thumbnailUrl\":\"https:\/\/www.miyakoshi.eu\/wp-content\/uploads\/2023\/10\/UNFEA-2023-Annecy-Final.jpg\",\"articleSection\":[\"Events\"],\"inLanguage\":\"de\"},{\"@type\":[\"WebPage\",\"ItemPage\"],\"@id\":\"https:\/\/www.miyakoshi.eu\/de\/miyakoshi-europe-ist-zum-ersten-mal-bei-der-51-ausgabe-des-nationalen-kongresses-des-franzoesischen-verbands-fuer-selbstklebeetiketten-unfea-vom-29-bis-30-juni-2023-in-annecy-vertreten\/\",\"url\":\"https:\/\/www.miyakoshi.eu\/de\/miyakoshi-europe-ist-zum-ersten-mal-bei-der-51-ausgabe-des-nationalen-kongresses-des-franzoesischen-verbands-fuer-selbstklebeetiketten-unfea-vom-29-bis-30-juni-2023-in-annecy-vertreten\/\",\"name\":\"Miyakoshi Europe ist zum ersten Mal bei der 51. Ausgabe des nationalen Kongresses des franz\u00f6sischen Verbands f\u00fcr Selbstklebeetiketten UNFEA vom 29. bis 30. Juni 2023 in Annecy vertreten. | Miyakoshi\",\"isPartOf\":{\"@id\":\"https:\/\/www.miyakoshi.eu\/de\/#website\"},\"primaryImageOfPage\":{\"@id\":\"https:\/\/www.miyakoshi.eu\/de\/miyakoshi-europe-ist-zum-ersten-mal-bei-der-51-ausgabe-des-nationalen-kongresses-des-franzoesischen-verbands-fuer-selbstklebeetiketten-unfea-vom-29-bis-30-juni-2023-in-annecy-vertreten\/#primaryimage\"},\"image\":{\"@id\":\"https:\/\/www.miyakoshi.eu\/de\/miyakoshi-europe-ist-zum-ersten-mal-bei-der-51-ausgabe-des-nationalen-kongresses-des-franzoesischen-verbands-fuer-selbstklebeetiketten-unfea-vom-29-bis-30-juni-2023-in-annecy-vertreten\/#primaryimage\"},\"thumbnailUrl\":\"https:\/\/www.miyakoshi.eu\/wp-content\/uploads\/2023\/10\/UNFEA-2023-Annecy-Final.jpg\",\"datePublished\":\"2023-07-17T15:47:58+00:00\",\"dateModified\":\"2023-10-18T09:25:11+00:00\",\"breadcrumb\":{\"@id\":\"https:\/\/www.miyakoshi.eu\/de\/miyakoshi-europe-ist-zum-ersten-mal-bei-der-51-ausgabe-des-nationalen-kongresses-des-franzoesischen-verbands-fuer-selbstklebeetiketten-unfea-vom-29-bis-30-juni-2023-in-annecy-vertreten\/#breadcrumb\"},\"inLanguage\":\"de\",\"potentialAction\":[{\"@type\":\"ReadAction\",\"target\":[\"https:\/\/www.miyakoshi.eu\/de\/miyakoshi-europe-ist-zum-ersten-mal-bei-der-51-ausgabe-des-nationalen-kongresses-des-franzoesischen-verbands-fuer-selbstklebeetiketten-unfea-vom-29-bis-30-juni-2023-in-annecy-vertreten\/\"]}]},{\"@type\":\"ImageObject\",\"inLanguage\":\"de\",\"@id\":\"https:\/\/www.miyakoshi.eu\/de\/miyakoshi-europe-ist-zum-ersten-mal-bei-der-51-ausgabe-des-nationalen-kongresses-des-franzoesischen-verbands-fuer-selbstklebeetiketten-unfea-vom-29-bis-30-juni-2023-in-annecy-vertreten\/#primaryimage\",\"url\":\"https:\/\/www.miyakoshi.eu\/wp-content\/uploads\/2023\/10\/UNFEA-2023-Annecy-Final.jpg\",\"contentUrl\":\"https:\/\/www.miyakoshi.eu\/wp-content\/uploads\/2023\/10\/UNFEA-2023-Annecy-Final.jpg\",\"width\":780,\"height\":309},{\"@type\":\"BreadcrumbList\",\"@id\":\"https:\/\/www.miyakoshi.eu\/de\/miyakoshi-europe-ist-zum-ersten-mal-bei-der-51-ausgabe-des-nationalen-kongresses-des-franzoesischen-verbands-fuer-selbstklebeetiketten-unfea-vom-29-bis-30-juni-2023-in-annecy-vertreten\/#breadcrumb\",\"itemListElement\":[{\"@type\":\"ListItem\",\"position\":1,\"name\":\"Portada\",\"item\":\"https:\/\/www.miyakoshi.eu\/de\/\"},{\"@type\":\"ListItem\",\"position\":2,\"name\":\"Miyakoshi Europe ist zum ersten Mal bei der 51. Ausgabe des nationalen Kongresses des franz\u00f6sischen Verbands f\u00fcr Selbstklebeetiketten UNFEA vom 29. bis 30. Juni 2023 in Annecy vertreten.\"}]},{\"@type\":\"WebSite\",\"@id\":\"https:\/\/www.miyakoshi.eu\/de\/#website\",\"url\":\"https:\/\/www.miyakoshi.eu\/de\/\",\"name\":\"Miyakoshi\",\"description\":\"Fabricantes japoneses de impresoras offset\",\"publisher\":{\"@id\":\"https:\/\/www.miyakoshi.eu\/de\/#organization\"},\"potentialAction\":[{\"@type\":\"SearchAction\",\"target\":{\"@type\":\"EntryPoint\",\"urlTemplate\":\"https:\/\/www.miyakoshi.eu\/de\/?s={search_term_string}\"},\"query-input\":{\"@type\":\"PropertyValueSpecification\",\"valueRequired\":true,\"valueName\":\"search_term_string\"}}],\"inLanguage\":\"de\"},{\"@type\":\"Organization\",\"@id\":\"https:\/\/www.miyakoshi.eu\/de\/#organization\",\"name\":\"Miyakoshi Europe, S.L.\",\"url\":\"https:\/\/www.miyakoshi.eu\/de\/\",\"logo\":{\"@type\":\"ImageObject\",\"inLanguage\":\"de\",\"@id\":\"https:\/\/www.miyakoshi.eu\/de\/#\/schema\/logo\/image\/\",\"url\":\"https:\/\/www.miyakoshi.eu\/wp-content\/uploads\/2022\/02\/Logo-miyakoshi.svg\",\"contentUrl\":\"https:\/\/www.miyakoshi.eu\/wp-content\/uploads\/2022\/02\/Logo-miyakoshi.svg\",\"width\":483,\"height\":98,\"caption\":\"Miyakoshi Europe, S.L.\"},\"image\":{\"@id\":\"https:\/\/www.miyakoshi.eu\/de\/#\/schema\/logo\/image\/\"},\"sameAs\":[\"https:\/\/www.linkedin.com\/company\/miyakoshieurope\/\"]},{\"@type\":\"Person\",\"@id\":\"https:\/\/www.miyakoshi.eu\/de\/#\/schema\/person\/587515eb3857b445667990a1630ad785\",\"name\":\"ivan.lopez\"}]}<\/script>\n<!-- \/ Yoast SEO plugin. -->","yoast_head_json":{"title":"Miyakoshi Europe ist zum ersten Mal bei der 51. Ausgabe des nationalen Kongresses des franz\u00f6sischen Verbands f\u00fcr Selbstklebeetiketten UNFEA vom 29. bis 30. Juni 2023 in Annecy vertreten. | Miyakoshi","robots":{"index":"index","follow":"follow","max-snippet":"max-snippet:-1","max-image-preview":"max-image-preview:large","max-video-preview":"max-video-preview:-1"},"canonical":"https:\/\/www.miyakoshi.eu\/de\/miyakoshi-europe-ist-zum-ersten-mal-bei-der-51-ausgabe-des-nationalen-kongresses-des-franzoesischen-verbands-fuer-selbstklebeetiketten-unfea-vom-29-bis-30-juni-2023-in-annecy-vertreten\/","og_locale":"de_DE","og_type":"article","og_title":"Miyakoshi Europe ist zum ersten Mal bei der 51. Ausgabe des nationalen Kongresses des franz\u00f6sischen Verbands f\u00fcr Selbstklebeetiketten UNFEA vom 29. bis 30. Juni 2023 in Annecy vertreten. | Miyakoshi","og_description":"Wie jedes Jahr h\u00e4lt der franz\u00f6sische Verband der Haftetikettenhersteller (UNFEA) seine Jahreskonferenz ab. An der 51. Auflage dieser Veranstaltung, die vom 29. bis 30. Juni im Imp\u00e9rial Palace in Annecy stattfand, nahm auch Miyakoshi Europe teil. Nach der letzten offiziellen Z\u00e4hlung verzeichnete der nationale Verband der Etikettenhersteller 230 Teilnehmer aus insgesamt 122 Unternehmen und Organisationen. [&hellip;]","og_url":"https:\/\/www.miyakoshi.eu\/de\/miyakoshi-europe-ist-zum-ersten-mal-bei-der-51-ausgabe-des-nationalen-kongresses-des-franzoesischen-verbands-fuer-selbstklebeetiketten-unfea-vom-29-bis-30-juni-2023-in-annecy-vertreten\/","og_site_name":"Miyakoshi","article_published_time":"2023-07-17T15:47:58+00:00","article_modified_time":"2023-10-18T09:25:11+00:00","og_image":[{"width":780,"height":309,"url":"https:\/\/www.miyakoshi.eu\/wp-content\/uploads\/2023\/10\/UNFEA-2023-Annecy-Final.jpg","type":"image\/jpeg"}],"author":"ivan.lopez","twitter_card":"summary_large_image","twitter_misc":{"Verfasst von":"ivan.lopez"},"schema":{"@context":"https:\/\/schema.org","@graph":[{"@type":"Article","@id":"https:\/\/www.miyakoshi.eu\/de\/miyakoshi-europe-ist-zum-ersten-mal-bei-der-51-ausgabe-des-nationalen-kongresses-des-franzoesischen-verbands-fuer-selbstklebeetiketten-unfea-vom-29-bis-30-juni-2023-in-annecy-vertreten\/#article","isPartOf":{"@id":"https:\/\/www.miyakoshi.eu\/de\/miyakoshi-europe-ist-zum-ersten-mal-bei-der-51-ausgabe-des-nationalen-kongresses-des-franzoesischen-verbands-fuer-selbstklebeetiketten-unfea-vom-29-bis-30-juni-2023-in-annecy-vertreten\/"},"author":{"name":"ivan.lopez","@id":"https:\/\/www.miyakoshi.eu\/de\/#\/schema\/person\/587515eb3857b445667990a1630ad785"},"headline":"Miyakoshi Europe ist zum ersten Mal bei der 51. Ausgabe des nationalen Kongresses des franz\u00f6sischen Verbands f\u00fcr Selbstklebeetiketten UNFEA vom 29. bis 30. Juni 2023 in Annecy vertreten.","datePublished":"2023-07-17T15:47:58+00:00","dateModified":"2023-10-18T09:25:11+00:00","mainEntityOfPage":{"@id":"https:\/\/www.miyakoshi.eu\/de\/miyakoshi-europe-ist-zum-ersten-mal-bei-der-51-ausgabe-des-nationalen-kongresses-des-franzoesischen-verbands-fuer-selbstklebeetiketten-unfea-vom-29-bis-30-juni-2023-in-annecy-vertreten\/"},"wordCount":113,"publisher":{"@id":"https:\/\/www.miyakoshi.eu\/de\/#organization"},"image":{"@id":"https:\/\/www.miyakoshi.eu\/de\/miyakoshi-europe-ist-zum-ersten-mal-bei-der-51-ausgabe-des-nationalen-kongresses-des-franzoesischen-verbands-fuer-selbstklebeetiketten-unfea-vom-29-bis-30-juni-2023-in-annecy-vertreten\/#primaryimage"},"thumbnailUrl":"https:\/\/www.miyakoshi.eu\/wp-content\/uploads\/2023\/10\/UNFEA-2023-Annecy-Final.jpg","articleSection":["Events"],"inLanguage":"de"},{"@type":["WebPage","ItemPage"],"@id":"https:\/\/www.miyakoshi.eu\/de\/miyakoshi-europe-ist-zum-ersten-mal-bei-der-51-ausgabe-des-nationalen-kongresses-des-franzoesischen-verbands-fuer-selbstklebeetiketten-unfea-vom-29-bis-30-juni-2023-in-annecy-vertreten\/","url":"https:\/\/www.miyakoshi.eu\/de\/miyakoshi-europe-ist-zum-ersten-mal-bei-der-51-ausgabe-des-nationalen-kongresses-des-franzoesischen-verbands-fuer-selbstklebeetiketten-unfea-vom-29-bis-30-juni-2023-in-annecy-vertreten\/","name":"Miyakoshi Europe ist zum ersten Mal bei der 51. Ausgabe des nationalen Kongresses des franz\u00f6sischen Verbands f\u00fcr Selbstklebeetiketten UNFEA vom 29. bis 30. Juni 2023 in Annecy vertreten. | Miyakoshi","isPartOf":{"@id":"https:\/\/www.miyakoshi.eu\/de\/#website"},"primaryImageOfPage":{"@id":"https:\/\/www.miyakoshi.eu\/de\/miyakoshi-europe-ist-zum-ersten-mal-bei-der-51-ausgabe-des-nationalen-kongresses-des-franzoesischen-verbands-fuer-selbstklebeetiketten-unfea-vom-29-bis-30-juni-2023-in-annecy-vertreten\/#primaryimage"},"image":{"@id":"https:\/\/www.miyakoshi.eu\/de\/miyakoshi-europe-ist-zum-ersten-mal-bei-der-51-ausgabe-des-nationalen-kongresses-des-franzoesischen-verbands-fuer-selbstklebeetiketten-unfea-vom-29-bis-30-juni-2023-in-annecy-vertreten\/#primaryimage"},"thumbnailUrl":"https:\/\/www.miyakoshi.eu\/wp-content\/uploads\/2023\/10\/UNFEA-2023-Annecy-Final.jpg","datePublished":"2023-07-17T15:47:58+00:00","dateModified":"2023-10-18T09:25:11+00:00","breadcrumb":{"@id":"https:\/\/www.miyakoshi.eu\/de\/miyakoshi-europe-ist-zum-ersten-mal-bei-der-51-ausgabe-des-nationalen-kongresses-des-franzoesischen-verbands-fuer-selbstklebeetiketten-unfea-vom-29-bis-30-juni-2023-in-annecy-vertreten\/#breadcrumb"},"inLanguage":"de","potentialAction":[{"@type":"ReadAction","target":["https:\/\/www.miyakoshi.eu\/de\/miyakoshi-europe-ist-zum-ersten-mal-bei-der-51-ausgabe-des-nationalen-kongresses-des-franzoesischen-verbands-fuer-selbstklebeetiketten-unfea-vom-29-bis-30-juni-2023-in-annecy-vertreten\/"]}]},{"@type":"ImageObject","inLanguage":"de","@id":"https:\/\/www.miyakoshi.eu\/de\/miyakoshi-europe-ist-zum-ersten-mal-bei-der-51-ausgabe-des-nationalen-kongresses-des-franzoesischen-verbands-fuer-selbstklebeetiketten-unfea-vom-29-bis-30-juni-2023-in-annecy-vertreten\/#primaryimage","url":"https:\/\/www.miyakoshi.eu\/wp-content\/uploads\/2023\/10\/UNFEA-2023-Annecy-Final.jpg","contentUrl":"https:\/\/www.miyakoshi.eu\/wp-content\/uploads\/2023\/10\/UNFEA-2023-Annecy-Final.jpg","width":780,"height":309},{"@type":"BreadcrumbList","@id":"https:\/\/www.miyakoshi.eu\/de\/miyakoshi-europe-ist-zum-ersten-mal-bei-der-51-ausgabe-des-nationalen-kongresses-des-franzoesischen-verbands-fuer-selbstklebeetiketten-unfea-vom-29-bis-30-juni-2023-in-annecy-vertreten\/#breadcrumb","itemListElement":[{"@type":"ListItem","position":1,"name":"Portada","item":"https:\/\/www.miyakoshi.eu\/de\/"},{"@type":"ListItem","position":2,"name":"Miyakoshi Europe ist zum ersten Mal bei der 51. Ausgabe des nationalen Kongresses des franz\u00f6sischen Verbands f\u00fcr Selbstklebeetiketten UNFEA vom 29. bis 30. Juni 2023 in Annecy vertreten."}]},{"@type":"WebSite","@id":"https:\/\/www.miyakoshi.eu\/de\/#website","url":"https:\/\/www.miyakoshi.eu\/de\/","name":"Miyakoshi","description":"Fabricantes japoneses de impresoras offset","publisher":{"@id":"https:\/\/www.miyakoshi.eu\/de\/#organization"},"potentialAction":[{"@type":"SearchAction","target":{"@type":"EntryPoint","urlTemplate":"https:\/\/www.miyakoshi.eu\/de\/?s={search_term_string}"},"query-input":{"@type":"PropertyValueSpecification","valueRequired":true,"valueName":"search_term_string"}}],"inLanguage":"de"},{"@type":"Organization","@id":"https:\/\/www.miyakoshi.eu\/de\/#organization","name":"Miyakoshi Europe, S.L.","url":"https:\/\/www.miyakoshi.eu\/de\/","logo":{"@type":"ImageObject","inLanguage":"de","@id":"https:\/\/www.miyakoshi.eu\/de\/#\/schema\/logo\/image\/","url":"https:\/\/www.miyakoshi.eu\/wp-content\/uploads\/2022\/02\/Logo-miyakoshi.svg","contentUrl":"https:\/\/www.miyakoshi.eu\/wp-content\/uploads\/2022\/02\/Logo-miyakoshi.svg","width":483,"height":98,"caption":"Miyakoshi Europe, S.L."},"image":{"@id":"https:\/\/www.miyakoshi.eu\/de\/#\/schema\/logo\/image\/"},"sameAs":["https:\/\/www.linkedin.com\/company\/miyakoshieurope\/"]},{"@type":"Person","@id":"https:\/\/www.miyakoshi.eu\/de\/#\/schema\/person\/587515eb3857b445667990a1630ad785","name":"ivan.lopez"}]}},"acf":[],"_links":{"self":[{"href":"https:\/\/www.miyakoshi.eu\/de\/wp-json\/wp\/v2\/posts\/8475","targetHints":{"allow":["GET"]}}],"collection":[{"href":"https:\/\/www.miyakoshi.eu\/de\/wp-json\/wp\/v2\/posts"}],"about":[{"href":"https:\/\/www.miyakoshi.eu\/de\/wp-json\/wp\/v2\/types\/post"}],"author":[{"embeddable":true,"href":"https:\/\/www.miyakoshi.eu\/de\/wp-json\/wp\/v2\/users\/2"}],"replies":[{"embeddable":true,"href":"https:\/\/www.miyakoshi.eu\/de\/wp-json\/wp\/v2\/comments?post=8475"}],"version-history":[{"count":7,"href":"https:\/\/www.miyakoshi.eu\/de\/wp-json\/wp\/v2\/posts\/8475\/revisions"}],"predecessor-version":[{"id":8493,"href":"https:\/\/www.miyakoshi.eu\/de\/wp-json\/wp\/v2\/posts\/8475\/revisions\/8493"}],"wp:featuredmedia":[{"embeddable":true,"href":"https:\/\/www.miyakoshi.eu\/de\/wp-json\/wp\/v2\/media\/8440"}],"wp:attachment":[{"href":"https:\/\/www.miyakoshi.eu\/de\/wp-json\/wp\/v2\/media?parent=8475"}],"wp:term":[{"taxonomy":"category","embeddable":true,"href":"https:\/\/www.miyakoshi.eu\/de\/wp-json\/wp\/v2\/categories?post=8475"},{"taxonomy":"post_tag","embeddable":true,"href":"https:\/\/www.miyakoshi.eu\/de\/wp-json\/wp\/v2\/tags?post=8475"}],"curies":[{"name":"wp","href":"https:\/\/api.w.org\/{rel}","templated":true}]}}