{"id":2230,"date":"2022-02-21T19:07:10","date_gmt":"2022-02-21T19:07:10","guid":{"rendered":"https:\/\/miyakoshi.eu\/grupo-argraf-lun-des-imprimeurs-detiquettes-les-plus-puissants-du-marche-iberique-a-recemment-installe-sa-deuxieme-presse-miyakoshi\/"},"modified":"2022-02-22T10:25:33","modified_gmt":"2022-02-22T10:25:33","slug":"grupo-argraf-lun-des-imprimeurs-detiquettes-les-plus-puissants-du-marche-iberique-a-recemment-installe-sa-deuxieme-presse-miyakoshi","status":"publish","type":"post","link":"https:\/\/www.miyakoshi.eu\/fr\/grupo-argraf-lun-des-imprimeurs-detiquettes-les-plus-puissants-du-marche-iberique-a-recemment-installe-sa-deuxieme-presse-miyakoshi\/","title":{"rendered":"Grupo Argraf, l&rsquo;un des imprimeurs d&rsquo;\u00e9tiquettes les plus puissants du march\u00e9 ib\u00e9rique, a r\u00e9cemment install\u00e9 sa deuxi\u00e8me presse Miyakoshi."},"content":{"rendered":"<p style=\"text-align: justify;\">Il est incroyable qu\u2019en ces temps, avec une grande partie du march\u00e9 espagnol fonctionnant au ralenti et dans la peur du contexte \u00e9conomique et social dans lequel cette pand\u00e9mie va nous laisser, il existe encore des entrepreneurs qui investissent des millions dans leur business.<\/p>\n<p style=\"text-align: justify;\">C\u2019est le cas de <strong>Argraf,<\/strong> un des plus gros fabricant d\u2019\u00e9tiquettes sur le march\u00e9 espagnol. Restant loyaux \u00e0 leur politique, ils continuent d\u2019effectuer des investissements dans la R&#038;D comme un outil de croissance et de distinction. Encore une fois, cel\u00e0 les a men\u00e9s \u00e0 opter pour <strong>Miyakoshi,<\/strong> cette fois-ci, une <em><strong>presse offset UV semi-rotative<\/strong><\/em>.<\/p>\n<p style=\"text-align: justify;\">La soci\u00e9t\u00e9, bas\u00e9 dans la ville de Oy\u00f3na au Pays Basque, est <em><strong>une r\u00e9f\u00e9rence dans l\u2019\u00e9tiquette vinicole<\/strong><\/em>. Leur directeur g\u00e9n\u00e9ral, Alberto Torroba, nous as accueilli \u00e0 nouveau pour parler non seulement de ce nouveau compl\u00e9ment \u00e0 leur flotte de machines mais aussi de comment la soci\u00e9t\u00e9 s\u2019adapte \u00e0 la situation amen\u00e9e par la pand\u00e9mie.\u00a0<\/p>\n<p><img decoding=\"async\" src=\"\/pictures\/Grupo_Argraf_Miyakoshi_2.jpg\" alt=\"\" \/><\/p>\n<p style=\"text-align: justify;\">Tout d\u2019abord, nous lui avons demand\u00e9 si \u00e0 cause de cette crise sanitaire ou ce sc\u00e9nario soudain et inattendu le <strong>groupe Argraf<\/strong> \u00e0 d\u00fb faire des changements dans leurs projets pr\u00e9vus pour l\u2019ann\u00e9e. En effet si il y a bien une particularit\u00e9 qui as d\u00e9fini ce <strong>fabricant d\u2019\u00e9tiquettes<\/strong> \u00e0 travers leur histoire, c\u2019est leur d\u00e9vouement \u00e0 l\u2019innovation avec le but de toujours \u00eatre \u00e0 l\u2019avant-garde de la technologie.<\/p>\n<p style=\"text-align: justify;\">Torroba: \u00ab\u00a0<em>Honn\u00eatement, l\u2019ann\u00e9e \u00e0 bien commenc\u00e9e, avec une tr\u00e8s bonne impulsion et un bon premier trimestre; puis ce qui est arriv\u00e9, est simplement arriv\u00e9. Tous les projets que nous avions ont un peu \u00e9t\u00e9 interrompus, avec beaucoup d\u2019incertitude \u00e0 propos de la fermeture du business, si l\u2019on serait apte \u00e0 travailler ou pas\u2026 Fort heureusement, les doutes se sont vite effac\u00e9s et les associations dont nous faisons partie nous ont support\u00e9, comme l\u2019<strong>AIFEC<\/strong> [Association Ib\u00e9rique des fabricants d\u2019\u00e9tiquettes en continu], qui est rapidement rentr\u00e9 en contact avec le gouvernement et as expliqu\u00e9 la n\u00e9cessit\u00e9 de la continuit\u00e9 de notre activit\u00e9, car nos produits sont essentiels pour la nourriture et les boissons vendus dans les supermarch\u00e9s, qui \u00e9taient les seuls commerces qui sont rest\u00e9s ouverts pendant cette p\u00e9riode\u00a0\u00bb.<\/em>\u00a0<\/p>\n<p><em><img decoding=\"async\" src=\"\/pictures\/Grupo_Argraf_Miyakoshi_3.jpg\" alt=\"\" \/><\/em><\/p>\n<p style=\"text-align: justify;\"><em>\u00ab\u00a0Ces mois n\u2019ont pas \u00e9t\u00e9s des plus faciles, avec des hauts et des bas, o\u00f9 nous avons pu constater <strong>les changements d\u2019habitudes des clients<\/strong> pendant une bonne partie de cette p\u00e9riode, il n\u2019\u00e9tait pas possible de manger et boire dans les bars et restaurants et quand \u00e7a l\u2019\u00e9tait, il y avait des restrictions sur le nombre de personnes et les horaires d\u2019ouverture. Aussi, le facteur de peur est rentr\u00e9 dans une bonne partie de la soci\u00e9t\u00e9.. Tout \u00e7a combin\u00e9 \u00e0 une saison touristique d\u00e9sastreuse, \u00e0 engendr\u00e9 une consommation hors du domicile en chute libre. Notamment dans la cha\u00eene HORECA et dans le march\u00e9 du vin, qui est la partie nous concernant\u00a0\u00bb.<\/em><\/p>\n<p style=\"text-align: justify;\">Les clients de <a href=\"http:\/\/www.grupoargraf.com\/?lang=fr\" target=\"_blank\" rel=\"noopener\">Grupo Argraf<\/a>, les vignobles, dont les restaurants \u00e9taient leurs principaux acheteurs, auront beaucoup soufferts, bien que certains ont remarqu\u00e9 une hausse des ventes de vin dans les supermarch\u00e9 avec l\u2019augmentation de la consommation \u00e0 la maison. \u00ab\u00a0<em>Maintenant beaucoup de petits vignobles ont d\u00e9velop\u00e9s leur ventes en ligne et ont pu sauver un peu leur ann\u00e9e gr\u00e2ce \u00e0 celles-ci<\/em>\u00a0\u00bb remarque Torroba.<\/p>\n<p style=\"text-align: justify;\">\u00a0<\/p>\n<p style=\"text-align: justify;\"><strong><em>Nouveaux march\u00e9s<\/em><\/strong><\/p>\n<p style=\"text-align: justify;\">Un des nouveau march\u00e9 niches dans lequel Argraf dirige ses efforts commerciaux sont <strong>les liqueurs et les spiritueux.<\/strong>\u00a0<em>\u00ab\u00a0Nous y avons toujours fait quelque jobs, de temps en temps, mais il est clair qu\u2019en terme de qualit\u00e9 d\u2019\u00e9tiquette, la valeur ajout\u00e9 dans ce secteur est similaire \u00e0 la valeur ajout\u00e9 dans le secteur du vin, il est donc un march\u00e9 int\u00e9ressant avec lequel nous sommes familiers, et nous pouvons donc offrir tout notre potentiel \u00e0 cette industrie\u00a0\u00bb<\/em> explique Torroba.<strong>\u00a0<\/strong><\/p>\n<p><img decoding=\"async\" src=\"\/pictures\/Grupo_Argraf_Miyakoshi_4.jpg\" alt=\"\" \/><\/p>\n<p style=\"text-align: justify;\">Il est aussi vrai qu\u2019une bonne partie des jobs dans le march\u00e9 des spiritueux n\u2019est pas r\u00e9alis\u00e9 avec des \u00e9tiquettes adh\u00e9sives mais en offset.<em> \u00ab\u00a0Nous poss\u00e9dons une <strong>machine offset<\/strong> depuis environ cinq ans, avec une large capacit\u00e9 que nous avons d\u00e9di\u00e9 \u00e0 l\u2019industrie de la conserve, mais nous avons remarqu\u00e9 que c\u2019est un client de plus en plus complexe r\u00e9sultant du besoin d\u2019une structure de production diff\u00e9rente de ce que nous poss\u00e9dons: nos structures sont sp\u00e9cialis\u00e9es dans la valeur ajout\u00e9e et les <strong>\u00e9tiquettes<\/strong> de conserve, en fin de compte, c\u2019est quelque chose qui n\u00e9cessite une structure tr\u00e8s l\u00e9g\u00e8re pour \u00e9viter de subir des co\u00fbts qui ne sont pas valoris\u00e9s dans ce march\u00e9. Notre int\u00e9r\u00eat d\u2019entrer dans le secteur des spiritueux viens partiellement de notre volont\u00e9 d\u2019utiliser nos comp\u00e9tences \u00e0 leur plein potentiel\u201d<\/em> conclut le directeur g\u00e9n\u00e9ral d\u2019Argraf.\u00a0<\/p>\n<p style=\"text-align: justify;\"><strong>Label de qualit\u00e9 AIFEC<\/strong><\/p>\n<p style=\"text-align: justify;\">Nous avons d\u00e9j\u00e0 mentionn\u00e9 le role de l\u2019<a href=\"http:\/\/aifec.eu\/\" target=\"_blank\" rel=\"noopener\">AIFEC, Asociaci\u00f3n Ib\u00e9rica Fabricantes Etiquetas Autoadhesivas<\/a> comme lobby durant la fermeture \u00e9conomique en mars. Cependant, il y a une autre initiative de l\u2019Association Ib\u00e9rique des fabricants d\u2019\u00e9tiquettes en continu qui as attir\u00e9 beaucoup d\u2019attention et dont nous voulions discuter avec Alberto Torroba, en tant que membre important du conseil de l\u2019association: le lancement d\u2019un label de qualit\u00e9 auquel tous les associ\u00e9s peuvent pr\u00e9tendre. <em>\u00ab\u00a0Nous voulions lancer ce label de qualit\u00e9 \u00e0 travers un organisme de certification externe qui nous as aid\u00e9 \u00e0 \u00e9tablir les param\u00e8tres, les mesurements, et la fa\u00e7on don\u2019t nous allions proc\u00e9der pour que \u00e7a ne soit pas une simple ISO 9001 que tout le monde poss\u00e8de d\u00e9j\u00e0, mais plut\u00f4t quelque chose de sp\u00e9cial et de plus sp\u00e9cifique \u00e0 notre industrie qui montrerais le degr\u00e9 de qualit\u00e9 que nous, les fabricants avons. Nous esp\u00e9rons que beaucoup soient motiv\u00e9s pour l\u2019avoir\u00a0\u00bb<\/em> dit Torroba, ajoutant, <em>\u00ab\u00a0\u00c0 ce moment, le processus de certification n\u2019est pas encore complet. D\u00e8s que nous aurons d\u00e9fini tout le processus avec l\u2019organisme de certification, elle sera officiellement en vigeur et les fabricants pourront y pr\u00e9tendre\u00a0\u00bb.<\/em><strong><br \/><\/strong><\/p>\n<p><img decoding=\"async\" src=\"\/pictures\/Grupo_Argraf_Miyakoshi.jpg\" alt=\"\" \/><\/p>\n<p style=\"text-align: justify;\"><strong>Cette ann\u00e9e est enfin termin\u00e9e. Le futur<\/strong><\/p>\n<p style=\"text-align: justify;\"><em>\u00ab\u00a0J\u2019esp\u00e8re que 2021 va progressivement s\u2019am\u00e9liorer, bien que nous ayons 3 mois de ralentissement devant nous si on les compare au 3 mois de 2020, il seront en baisse significative\u00a0\u00bb<\/em> anticipe le directeur g\u00e9n\u00e9ral d\u2019Argraf, qui pr\u00e9voit que <em>\u00ab\u00a0le second trimestre sera certainement meilleur que celui de 2020. Je veux croire que la saison touristique, bien qu\u2019elle ne sera pas compl\u00e8tement normale, sera tout de m\u00eame bien meilleure que cette ann\u00e9e\u00a0\u00bb.<\/em><\/p>\n<p style=\"text-align: justify;\"><em>\u00ab\u00a0Je ne penses pas qu\u2019on s\u2019en remettra enti\u00e8rement en 2021, car premi\u00e8rement les vaccins doivent \u00eatre distribu\u00e9s et les gens doivent regagner leur confiance et revenir \u00e0 leur vies normales; nous avons aussi besoin de voir dans quelle situation l\u2019industrie de la restauration et du m\u00e9dical va finir\u2026\u00a0\u00bb<\/em><\/p>\n<p style=\"text-align: justify;\">Mais tout \u00e0 une fin\u2019 il conclut avec optimisme. <em>\u00ab\u00a0Nous nous en sortirons en tant que soci\u00e9t\u00e9 mais aussi individuellement; et quand la situation sera revenue \u00e0 la normale, Argraf se doit <strong>d\u2019\u00eatre pr\u00eat \u00e0 tourner correctement<\/strong>. Nous somme chanceux d\u2019\u00eatre une entreprise \u00e9tablie, innovante mais aussi prudente, et d\u2019avoir assez de ressources financi\u00e8res pour pouvoir \u00eatre pr\u00eat face aux impr\u00e9vus\u00a0\u00bb.<\/em><\/p>\n<p style=\"text-align: justify;\">Le futur sera technologique et durable, et bien que des mois difficiles sont encore \u00e0 venir pour en finir avec cette situation, le <strong><em>groupe Argraf est confiant que son d\u00e9vouement envers les personnes, l\u2019innovation et la poursuite de la meilleure qualit\u00e9<\/em> <\/strong>possible dans tout leur processus les aideras \u00e0 continuer \u00e0 grandir tout en maintenant leur excellence de production.<\/p>\n<p style=\"text-align: justify;\">\u00a0<\/p>\n<p style=\"text-align: justify;\"><strong>Investissement 2020 : Miyakoshi MLP-16C<\/strong><\/p>\n<p style=\"text-align: justify;\">De retour sur les projets d\u2019Argraf; <em>\u00ab\u00a0On s\u2019en tient au plan initialement d\u00e9fini. Tout d\u2019abord, avant l\u2019\u00e9tat d\u2019urgence d\u00e9clar\u00e9 en Mars, nous avons install\u00e9 un module d\u2019aspiration qui nous as aid\u00e9 \u00e0 am\u00e9liorer le flux de mat\u00e9riau ainsi que la logistique tout en gardant l\u2019int\u00e9rieur de l\u2019usine propre. D\u2019autre part, nous avons ajout\u00e9 <strong>une seconde presse Miyakoshi<\/strong>, le m\u00eame mod\u00e8le que le pr\u00e9c\u00e9dent, mais avec beaucoup de nouvelles fonctionnalit\u00e9s. Nous consid\u00e9rons que ces investissements devaient \u00eatre faits maintenant pour \u00e9viter d\u2019avoir \u00e0 les faire plus tard en h\u00e2te\u00a0\u00bb<\/em>. Au total, au cours de l\u2019ann\u00e9e, le groupe Argraf \u00e0 investi 1,5 millions d\u2019euros dans des machines, prouvant que le d\u00e9veloppement technologique est une de leurs priorit\u00e9s pour \u00eatre aptes \u00e0 offrir \u00e0 leurs clients les \u00e9tiquettes les plus sophistiqu\u00e9s du march\u00e9 et continuer<strong> \u00e0 se d\u00e9marquer.<\/strong><\/p>\n<p><img decoding=\"async\" src=\"\/pictures\/Grupo_Argraf_Miyakoshi_5.jpg\" alt=\"\" \/><\/p>\n<p style=\"text-align: justify;\">Le d\u00e9vouement du groupe Argraf \u00e0 l\u2019innovation, ainsi que leur police stricte d\u2019investir dans des am\u00e9liorations de technologie et de production, les as men\u00e9s \u00e0 <strong>opter encore une fois pour la technologie semi-rotative offset UV Miyakoshi<\/strong>. Notamment, le groupe \u00e0 achet\u00e9 une presse iconique MLP, con\u00e7ue sp\u00e9cifiquement pour g\u00e9rer les caract\u00e9ristiques uniques du march\u00e9 (s\u00e9ries d\u2019impressions plus courtes, exigences de haute qualit\u00e9, etc.), r\u00e9unissant une technologie offset avanc\u00e9e, productivit\u00e9 et performance en une conception solide et robuste.<\/p>\n<p style=\"text-align: justify;\">La presse en question est la <em>Miyakoshi MLP-16C<\/em>, <em>\u00ab\u00a0qui se rajoute \u00e0 la premi\u00e8re que nous avions install\u00e9 il y a bient\u00f4t cinq ans\u00a0\u00bb<\/em> explique Torroba, <em>\u00ab\u00a0<strong>une machine qui s\u2019est r\u00e9v\u00e9l\u00e9 absolument fiable<\/strong> et que nous n\u2019avons pas eu \u00e0 arr\u00eater un seul jour \u00e0 cause d\u2019erreurs ou de pannes. Une garantie de fiabilit\u00e9. Ceci, combin\u00e9 au fait que nous savions d\u00e9j\u00e0 comment la presse fonctionnait d\u00fb au fait que quelques personnes \u00e9taient d\u00e9j\u00e0 form\u00e9s et entra\u00een\u00e9s sur la premi\u00e8re Miyakoshi, \u00e0 rendu facile de mettre en route la seconde imm\u00e9diatement, garanties suffisantes de faire confiance \u00e0 ce fabriquant\u00a0une fois de plus\u00a0\u00bb.\u00a0<\/em><\/p>\n<p style=\"text-align: justify;\">La nouvelle presse Miyakoshi <strong>MLP-16C<\/strong> semi-rotative offset UV install\u00e9e chez Argraf est configur\u00e9e de mani\u00e8re flexible incluant plusieurs modules; <strong>4 offset + dorure \u00e0 chaud + 2 offset + s\u00e9rigraphie + flexo + lamination + d\u00e9coupe.<\/strong><\/p>\n<p><iframe src=\"https:\/\/www.youtube-nocookie.com\/embed\/m4V5AsNFB20\" width=\"100%\" height=\"400\" frameborder=\"0\" allowfullscreen=\"allowfullscreen\"><\/iframe><\/p>\n<p style=\"text-align: justify;\">Elle est <strong>compl\u00e8tement automatis\u00e9e<\/strong> (r\u00e9glage d\u2019encre \u00e9lectronique, syst\u00e8me de nettoyage automatique de cylindre, fonction de mise en route \u00e0 froid, refroidissement de cylindre oscillant, syst\u00e8me de registre automatique, traitement corona, ajustement diagonal, impression offset, dorure, flexo and module de d\u00e9coupe, etc.), <em>\u00ab\u00a0faisant de cette machine la solution parfaite pour les s\u00e9ries courtes\/moyennes et longues pour le vin, la nourriture ou d\u2019autres march\u00e9s\u2026 Gr\u00e2ce \u00e0 la haute qualit\u00e9 d\u2019impression offset de la MLP, Argraf peut acc\u00e9der au march\u00e9 de l\u2019\u00e9tiquette vinicole de haute qualit\u00e9 avec une grande valeur ajout\u00e9e\u00a0\u00bb<\/em> explique David L\u00f3pez.\u00a0<\/p>\n<p style=\"text-align: justify;\">La presse Miyakoshi MLP-16C <strong>semi-rotative offset UV<\/strong> \u00e0 une laize de <strong>420mm<\/strong> et une <strong>longueur de r\u00e9p\u00e9tition d\u2019impression maximum de 406.4 mm<\/strong>, <em>\u00ab\u00a0sa vitesse maximum de production est de <strong>101 m\/min<\/strong>, faisait d\u2019elle la machine semi-rotative offset UV la plus productive dans le march\u00e9 de l\u2019\u00e9tiquette\u00a0\u00bb<\/em> affirme David L\u00f3pez, le directeur commercial sectoriel de Miyakoshi Europe, une entreprise represent\u00e9e dans le march\u00e9 espagnol par OMC. <em>\u00ab\u00a0De plus, elle peut imprimer en continu \u00e0 sa vitesse maximum quelle que soit la longueur de r\u00e9p\u00e9tition choisie\u00a0\u00bb.<\/em><\/p>\n<p style=\"text-align: justify;\">De plus, les syst\u00e8mes de finition en ligne que les anciennes presses n\u2019avaient pas ont \u00e9t\u00e9 ajout\u00e9es sur celle-ci. Selon Torroba, <em>\u00ab\u00a0nous avons ajout\u00e9 la dorure et un module de s\u00e9rigraphie que Miyakoshi \u00e0 d\u00e9velopp\u00e9 sp\u00e9cialement pour nous, ils l\u2019avaient d\u00e9j\u00e0 pour ce qu\u2019ils appellent la gamme la plus \u00e9conomlique Miyakoshi, mais nous avions besoin du mod\u00e8le le plus pouss\u00e9, avec une laize et vitesse d\u2019impression accrue, ainsi que l\u2019aptitude \u00e0 r\u00e9aliser de la finition en ligne sp\u00e9cifique qui repr\u00e9sente beaucoup de demandes dans notre industrie\u00a0\u00bb.<\/em><\/p>\n<p style=\"text-align: justify;\">La <strong>technologie semi-rotative offset pour des \u00e9tiquettes \u00e0 forte valeur ajout\u00e9e<\/strong> s\u2019est r\u00e9cemment d\u00e9velopp\u00e9e en terme de nombre d\u2019installations. <em>\u00ab\u00a0Une grosse partie de l\u2019investissement de l\u2019industrie, principalement dans le secteur du vin, va dans cette direction\u00a0\u00bb<\/em> explique Torroba. <em>\u00ab\u00a0Argraf travaille depuis toujours dans <strong>l\u2019\u00e9tiquette vinicole<\/strong> et jusqu\u2019\u00e0 cinq ans en arri\u00e8re nous ne poss\u00e9dions pas d\u2019offset, nous avons toujours travaill\u00e9s tr\u00e8s bien uniquement en flexo. Nous pensons que <strong>l\u2019offset peut nous donner une qualit\u00e9 suppl\u00e9mentaire<\/strong> dans nos designs. Nous remarquons aussi que la flexo ne donne pas une aussi bonne couverture sur certains mat\u00e9riaux. Il est clair que c\u2019est une tendance de march\u00e9 qui prend de l\u2019ampleur, cependant nous continuons \u00e0 beaucoup travailler en flexo et \u00e7a fonctionne parfaitement bien\u00a0\u00bb.\u00a0<\/em><\/p>\n<p><img decoding=\"async\" src=\"\/pictures\/Grupo_Argraf_Miyakoshi_6.jpg\" alt=\"\" \/><\/p>\n<p style=\"text-align: justify;\">Le <strong>groupe Argraf<\/strong> dispose de plus de <strong>40 ans d\u2019exp\u00e9rience<\/strong> dans cette industrie, ce qui donne \u00e0 l\u2019entreprise le savoir fondamental et pr\u00e9cieux dans le proc\u00e9d\u00e9 d\u2019\u00e9tiquetage de vin et les machines n\u00e9cessaires pour obtenir le meilleur r\u00e9sultat. Leur base de donn\u00e9es \u00e9tendue historiquement leur permet d\u2019analyser l\u2019\u00e9volution des designs dans une m\u00eame marque ou segment de produit, de trouver des approches cr\u00e9atives pour un nouveau design en accord avec la tendance et les avanc\u00e9es technologiques.<\/p>\n<p style=\"text-align: justify;\">Leur industrie se sp\u00e9cialise dans <strong>l\u2019apport de valeur ajout\u00e9<\/strong>. Argraf travaille de pr\u00e8s avec des designers et des producteurs, parlent des \u00e9tiquettes d\u2019une perspective technique et stylistique, analysant la viabilit\u00e9 de chaque produit et sugg\u00e9rant diff\u00e9rents mat\u00e9riaux et finitions qui am\u00e9lioreront le design and correspondront aux besoins de l\u2019utilisation du produit ainsi qu\u2019au but final de celui-ci, garantissant un suivi durant tout le processus. Un service premium appr\u00e9ci\u00e9 par le client final. Un travail qui aspire \u00e0 l\u2019excellence et l\u2019\u00e9quilibre parfait entre les avantages du d\u00e9veloppement technologique et la magie et l\u2019essence du savoir-faire.<\/p>\n<p>Fuente:\u00a0<a href=\"http:\/\/www.infopack.es\" target=\"_blank\" rel=\"noopener\">INFOPACK, Revista de Packaging &#038; Etiquetas<\/a><\/p>\n","protected":false},"excerpt":{"rendered":"<p>En temps de Covid, Argraf intensifie le rythme de l\u2019innovation technologique.<\/p>\n","protected":false},"author":1,"featured_media":1300,"comment_status":"closed","ping_status":"closed","sticky":false,"template":"","format":"standard","meta":{"site-sidebar-layout":"default","site-content-layout":"default","ast-site-content-layout":"default","site-content-style":"default","site-sidebar-style":"default","ast-global-header-display":"","ast-banner-title-visibility":"","ast-main-header-display":"","ast-hfb-above-header-display":"","ast-hfb-below-header-display":"","ast-hfb-mobile-header-display":"","site-post-title":"","ast-breadcrumbs-content":"","ast-featured-img":"","footer-sml-layout":"","theme-transparent-header-meta":"default","adv-header-id-meta":"","stick-header-meta":"","header-above-stick-meta":"","header-main-stick-meta":"","header-below-stick-meta":"","astra-migrate-meta-layouts":"default","ast-page-background-enabled":"default","ast-page-background-meta":{"desktop":{"background-color":"","background-image":"","background-repeat":"repeat","background-position":"center center","background-size":"auto","background-attachment":"scroll","background-type":"","background-media":"","overlay-type":"","overlay-color":"","overlay-opacity":"","overlay-gradient":""},"tablet":{"background-color":"","background-image":"","background-repeat":"repeat","background-position":"center center","background-size":"auto","background-attachment":"scroll","background-type":"","background-media":"","overlay-type":"","overlay-color":"","overlay-opacity":"","overlay-gradient":""},"mobile":{"background-color":"","background-image":"","background-repeat":"repeat","background-position":"center center","background-size":"auto","background-attachment":"scroll","background-type":"","background-media":"","overlay-type":"","overlay-color":"","overlay-opacity":"","overlay-gradient":""}},"ast-content-background-meta":{"desktop":{"background-color":"var(--ast-global-color-5)","background-image":"","background-repeat":"repeat","background-position":"center center","background-size":"auto","background-attachment":"scroll","background-type":"","background-media":"","overlay-type":"","overlay-color":"","overlay-opacity":"","overlay-gradient":""},"tablet":{"background-color":"var(--ast-global-color-5)","background-image":"","background-repeat":"repeat","background-position":"center center","background-size":"auto","background-attachment":"scroll","background-type":"","background-media":"","overlay-type":"","overlay-color":"","overlay-opacity":"","overlay-gradient":""},"mobile":{"background-color":"var(--ast-global-color-5)","background-image":"","background-repeat":"repeat","background-position":"center center","background-size":"auto","background-attachment":"scroll","background-type":"","background-media":"","overlay-type":"","overlay-color":"","overlay-opacity":"","overlay-gradient":""}},"footnotes":""},"categories":[50],"tags":[],"class_list":["post-2230","post","type-post","status-publish","format-standard","has-post-thumbnail","hentry","category-nouvelles"],"yoast_head":"<!-- This site is optimized with the Yoast SEO plugin v26.3 - https:\/\/yoast.com\/wordpress\/plugins\/seo\/ -->\n<title>Grupo Argraf, l&#039;un des imprimeurs d&#039;\u00e9tiquettes les plus puissants du march\u00e9 ib\u00e9rique, a r\u00e9cemment install\u00e9 sa deuxi\u00e8me presse Miyakoshi. | Miyakoshi<\/title>\n<meta name=\"robots\" content=\"index, follow, max-snippet:-1, max-image-preview:large, max-video-preview:-1\" \/>\n<link rel=\"canonical\" href=\"https:\/\/www.miyakoshi.eu\/fr\/grupo-argraf-lun-des-imprimeurs-detiquettes-les-plus-puissants-du-marche-iberique-a-recemment-installe-sa-deuxieme-presse-miyakoshi\/\" \/>\n<meta property=\"og:locale\" content=\"fr_FR\" \/>\n<meta property=\"og:type\" content=\"article\" \/>\n<meta property=\"og:title\" content=\"Grupo Argraf, l&#039;un des imprimeurs d&#039;\u00e9tiquettes les plus puissants du march\u00e9 ib\u00e9rique, a r\u00e9cemment install\u00e9 sa deuxi\u00e8me presse Miyakoshi. | Miyakoshi\" \/>\n<meta property=\"og:description\" content=\"En temps de Covid, Argraf intensifie le rythme de l\u2019innovation technologique.\" \/>\n<meta property=\"og:url\" content=\"https:\/\/www.miyakoshi.eu\/fr\/grupo-argraf-lun-des-imprimeurs-detiquettes-les-plus-puissants-du-marche-iberique-a-recemment-installe-sa-deuxieme-presse-miyakoshi\/\" \/>\n<meta property=\"og:site_name\" content=\"Miyakoshi\" \/>\n<meta property=\"article:published_time\" content=\"2022-02-21T19:07:10+00:00\" \/>\n<meta property=\"article:modified_time\" content=\"2022-02-22T10:25:33+00:00\" \/>\n<meta property=\"og:image\" content=\"https:\/\/www.miyakoshi.eu\/wp-content\/uploads\/2022\/02\/59-es-scaled.jpg\" \/>\n\t<meta property=\"og:image:width\" content=\"2560\" \/>\n\t<meta property=\"og:image:height\" content=\"1707\" \/>\n\t<meta property=\"og:image:type\" content=\"image\/jpeg\" \/>\n<meta name=\"author\" content=\"e-tecnia\" \/>\n<meta name=\"twitter:card\" content=\"summary_large_image\" \/>\n<meta name=\"twitter:label1\" content=\"\u00c9crit par\" \/>\n\t<meta name=\"twitter:data1\" content=\"e-tecnia\" \/>\n\t<meta name=\"twitter:label2\" content=\"Dur\u00e9e de lecture estim\u00e9e\" \/>\n\t<meta name=\"twitter:data2\" content=\"12 minutes\" \/>\n<script type=\"application\/ld+json\" class=\"yoast-schema-graph\">{\"@context\":\"https:\/\/schema.org\",\"@graph\":[{\"@type\":\"Article\",\"@id\":\"https:\/\/www.miyakoshi.eu\/fr\/grupo-argraf-lun-des-imprimeurs-detiquettes-les-plus-puissants-du-marche-iberique-a-recemment-installe-sa-deuxieme-presse-miyakoshi\/#article\",\"isPartOf\":{\"@id\":\"https:\/\/www.miyakoshi.eu\/fr\/grupo-argraf-lun-des-imprimeurs-detiquettes-les-plus-puissants-du-marche-iberique-a-recemment-installe-sa-deuxieme-presse-miyakoshi\/\"},\"author\":{\"name\":\"e-tecnia\",\"@id\":\"https:\/\/www.miyakoshi.eu\/fr\/#\/schema\/person\/5c064c49ea784cecedeec91e7774e02e\"},\"headline\":\"Grupo Argraf, l&rsquo;un des imprimeurs d&rsquo;\u00e9tiquettes les plus puissants du march\u00e9 ib\u00e9rique, a r\u00e9cemment install\u00e9 sa deuxi\u00e8me presse Miyakoshi.\",\"datePublished\":\"2022-02-21T19:07:10+00:00\",\"dateModified\":\"2022-02-22T10:25:33+00:00\",\"mainEntityOfPage\":{\"@id\":\"https:\/\/www.miyakoshi.eu\/fr\/grupo-argraf-lun-des-imprimeurs-detiquettes-les-plus-puissants-du-marche-iberique-a-recemment-installe-sa-deuxieme-presse-miyakoshi\/\"},\"wordCount\":2343,\"publisher\":{\"@id\":\"https:\/\/www.miyakoshi.eu\/fr\/#organization\"},\"image\":{\"@id\":\"https:\/\/www.miyakoshi.eu\/fr\/grupo-argraf-lun-des-imprimeurs-detiquettes-les-plus-puissants-du-marche-iberique-a-recemment-installe-sa-deuxieme-presse-miyakoshi\/#primaryimage\"},\"thumbnailUrl\":\"https:\/\/www.miyakoshi.eu\/wp-content\/uploads\/2022\/02\/59-es-scaled.jpg\",\"articleSection\":[\"Nouvelles\"],\"inLanguage\":\"fr-FR\"},{\"@type\":[\"WebPage\",\"ItemPage\"],\"@id\":\"https:\/\/www.miyakoshi.eu\/fr\/grupo-argraf-lun-des-imprimeurs-detiquettes-les-plus-puissants-du-marche-iberique-a-recemment-installe-sa-deuxieme-presse-miyakoshi\/\",\"url\":\"https:\/\/www.miyakoshi.eu\/fr\/grupo-argraf-lun-des-imprimeurs-detiquettes-les-plus-puissants-du-marche-iberique-a-recemment-installe-sa-deuxieme-presse-miyakoshi\/\",\"name\":\"Grupo Argraf, l'un des imprimeurs d'\u00e9tiquettes les plus puissants du march\u00e9 ib\u00e9rique, a r\u00e9cemment install\u00e9 sa deuxi\u00e8me presse Miyakoshi. | Miyakoshi\",\"isPartOf\":{\"@id\":\"https:\/\/www.miyakoshi.eu\/fr\/#website\"},\"primaryImageOfPage\":{\"@id\":\"https:\/\/www.miyakoshi.eu\/fr\/grupo-argraf-lun-des-imprimeurs-detiquettes-les-plus-puissants-du-marche-iberique-a-recemment-installe-sa-deuxieme-presse-miyakoshi\/#primaryimage\"},\"image\":{\"@id\":\"https:\/\/www.miyakoshi.eu\/fr\/grupo-argraf-lun-des-imprimeurs-detiquettes-les-plus-puissants-du-marche-iberique-a-recemment-installe-sa-deuxieme-presse-miyakoshi\/#primaryimage\"},\"thumbnailUrl\":\"https:\/\/www.miyakoshi.eu\/wp-content\/uploads\/2022\/02\/59-es-scaled.jpg\",\"datePublished\":\"2022-02-21T19:07:10+00:00\",\"dateModified\":\"2022-02-22T10:25:33+00:00\",\"breadcrumb\":{\"@id\":\"https:\/\/www.miyakoshi.eu\/fr\/grupo-argraf-lun-des-imprimeurs-detiquettes-les-plus-puissants-du-marche-iberique-a-recemment-installe-sa-deuxieme-presse-miyakoshi\/#breadcrumb\"},\"inLanguage\":\"fr-FR\",\"potentialAction\":[{\"@type\":\"ReadAction\",\"target\":[\"https:\/\/www.miyakoshi.eu\/fr\/grupo-argraf-lun-des-imprimeurs-detiquettes-les-plus-puissants-du-marche-iberique-a-recemment-installe-sa-deuxieme-presse-miyakoshi\/\"]}]},{\"@type\":\"ImageObject\",\"inLanguage\":\"fr-FR\",\"@id\":\"https:\/\/www.miyakoshi.eu\/fr\/grupo-argraf-lun-des-imprimeurs-detiquettes-les-plus-puissants-du-marche-iberique-a-recemment-installe-sa-deuxieme-presse-miyakoshi\/#primaryimage\",\"url\":\"https:\/\/www.miyakoshi.eu\/wp-content\/uploads\/2022\/02\/59-es-scaled.jpg\",\"contentUrl\":\"https:\/\/www.miyakoshi.eu\/wp-content\/uploads\/2022\/02\/59-es-scaled.jpg\",\"width\":2560,\"height\":1707},{\"@type\":\"BreadcrumbList\",\"@id\":\"https:\/\/www.miyakoshi.eu\/fr\/grupo-argraf-lun-des-imprimeurs-detiquettes-les-plus-puissants-du-marche-iberique-a-recemment-installe-sa-deuxieme-presse-miyakoshi\/#breadcrumb\",\"itemListElement\":[{\"@type\":\"ListItem\",\"position\":1,\"name\":\"Portada\",\"item\":\"https:\/\/www.miyakoshi.eu\/fr\/\"},{\"@type\":\"ListItem\",\"position\":2,\"name\":\"Grupo Argraf, l&rsquo;un des imprimeurs d&rsquo;\u00e9tiquettes les plus puissants du march\u00e9 ib\u00e9rique, a r\u00e9cemment install\u00e9 sa deuxi\u00e8me presse Miyakoshi.\"}]},{\"@type\":\"WebSite\",\"@id\":\"https:\/\/www.miyakoshi.eu\/fr\/#website\",\"url\":\"https:\/\/www.miyakoshi.eu\/fr\/\",\"name\":\"Miyakoshi\",\"description\":\"Fabricantes japoneses de impresoras offset\",\"publisher\":{\"@id\":\"https:\/\/www.miyakoshi.eu\/fr\/#organization\"},\"potentialAction\":[{\"@type\":\"SearchAction\",\"target\":{\"@type\":\"EntryPoint\",\"urlTemplate\":\"https:\/\/www.miyakoshi.eu\/fr\/?s={search_term_string}\"},\"query-input\":{\"@type\":\"PropertyValueSpecification\",\"valueRequired\":true,\"valueName\":\"search_term_string\"}}],\"inLanguage\":\"fr-FR\"},{\"@type\":\"Organization\",\"@id\":\"https:\/\/www.miyakoshi.eu\/fr\/#organization\",\"name\":\"Miyakoshi Europe, S.L.\",\"url\":\"https:\/\/www.miyakoshi.eu\/fr\/\",\"logo\":{\"@type\":\"ImageObject\",\"inLanguage\":\"fr-FR\",\"@id\":\"https:\/\/www.miyakoshi.eu\/fr\/#\/schema\/logo\/image\/\",\"url\":\"https:\/\/www.miyakoshi.eu\/wp-content\/uploads\/2022\/02\/Logo-miyakoshi.svg\",\"contentUrl\":\"https:\/\/www.miyakoshi.eu\/wp-content\/uploads\/2022\/02\/Logo-miyakoshi.svg\",\"width\":483,\"height\":98,\"caption\":\"Miyakoshi Europe, S.L.\"},\"image\":{\"@id\":\"https:\/\/www.miyakoshi.eu\/fr\/#\/schema\/logo\/image\/\"},\"sameAs\":[\"https:\/\/www.linkedin.com\/company\/miyakoshieurope\/\"]},{\"@type\":\"Person\",\"@id\":\"https:\/\/www.miyakoshi.eu\/fr\/#\/schema\/person\/5c064c49ea784cecedeec91e7774e02e\",\"name\":\"e-tecnia\",\"sameAs\":[\"https:\/\/e-tecnia.es\"]}]}<\/script>\n<!-- \/ Yoast SEO plugin. -->","yoast_head_json":{"title":"Grupo Argraf, l'un des imprimeurs d'\u00e9tiquettes les plus puissants du march\u00e9 ib\u00e9rique, a r\u00e9cemment install\u00e9 sa deuxi\u00e8me presse Miyakoshi. | Miyakoshi","robots":{"index":"index","follow":"follow","max-snippet":"max-snippet:-1","max-image-preview":"max-image-preview:large","max-video-preview":"max-video-preview:-1"},"canonical":"https:\/\/www.miyakoshi.eu\/fr\/grupo-argraf-lun-des-imprimeurs-detiquettes-les-plus-puissants-du-marche-iberique-a-recemment-installe-sa-deuxieme-presse-miyakoshi\/","og_locale":"fr_FR","og_type":"article","og_title":"Grupo Argraf, l'un des imprimeurs d'\u00e9tiquettes les plus puissants du march\u00e9 ib\u00e9rique, a r\u00e9cemment install\u00e9 sa deuxi\u00e8me presse Miyakoshi. | Miyakoshi","og_description":"En temps de Covid, Argraf intensifie le rythme de l\u2019innovation technologique.","og_url":"https:\/\/www.miyakoshi.eu\/fr\/grupo-argraf-lun-des-imprimeurs-detiquettes-les-plus-puissants-du-marche-iberique-a-recemment-installe-sa-deuxieme-presse-miyakoshi\/","og_site_name":"Miyakoshi","article_published_time":"2022-02-21T19:07:10+00:00","article_modified_time":"2022-02-22T10:25:33+00:00","og_image":[{"width":2560,"height":1707,"url":"https:\/\/www.miyakoshi.eu\/wp-content\/uploads\/2022\/02\/59-es-scaled.jpg","type":"image\/jpeg"}],"author":"e-tecnia","twitter_card":"summary_large_image","twitter_misc":{"\u00c9crit par":"e-tecnia","Dur\u00e9e de lecture estim\u00e9e":"12 minutes"},"schema":{"@context":"https:\/\/schema.org","@graph":[{"@type":"Article","@id":"https:\/\/www.miyakoshi.eu\/fr\/grupo-argraf-lun-des-imprimeurs-detiquettes-les-plus-puissants-du-marche-iberique-a-recemment-installe-sa-deuxieme-presse-miyakoshi\/#article","isPartOf":{"@id":"https:\/\/www.miyakoshi.eu\/fr\/grupo-argraf-lun-des-imprimeurs-detiquettes-les-plus-puissants-du-marche-iberique-a-recemment-installe-sa-deuxieme-presse-miyakoshi\/"},"author":{"name":"e-tecnia","@id":"https:\/\/www.miyakoshi.eu\/fr\/#\/schema\/person\/5c064c49ea784cecedeec91e7774e02e"},"headline":"Grupo Argraf, l&rsquo;un des imprimeurs d&rsquo;\u00e9tiquettes les plus puissants du march\u00e9 ib\u00e9rique, a r\u00e9cemment install\u00e9 sa deuxi\u00e8me presse Miyakoshi.","datePublished":"2022-02-21T19:07:10+00:00","dateModified":"2022-02-22T10:25:33+00:00","mainEntityOfPage":{"@id":"https:\/\/www.miyakoshi.eu\/fr\/grupo-argraf-lun-des-imprimeurs-detiquettes-les-plus-puissants-du-marche-iberique-a-recemment-installe-sa-deuxieme-presse-miyakoshi\/"},"wordCount":2343,"publisher":{"@id":"https:\/\/www.miyakoshi.eu\/fr\/#organization"},"image":{"@id":"https:\/\/www.miyakoshi.eu\/fr\/grupo-argraf-lun-des-imprimeurs-detiquettes-les-plus-puissants-du-marche-iberique-a-recemment-installe-sa-deuxieme-presse-miyakoshi\/#primaryimage"},"thumbnailUrl":"https:\/\/www.miyakoshi.eu\/wp-content\/uploads\/2022\/02\/59-es-scaled.jpg","articleSection":["Nouvelles"],"inLanguage":"fr-FR"},{"@type":["WebPage","ItemPage"],"@id":"https:\/\/www.miyakoshi.eu\/fr\/grupo-argraf-lun-des-imprimeurs-detiquettes-les-plus-puissants-du-marche-iberique-a-recemment-installe-sa-deuxieme-presse-miyakoshi\/","url":"https:\/\/www.miyakoshi.eu\/fr\/grupo-argraf-lun-des-imprimeurs-detiquettes-les-plus-puissants-du-marche-iberique-a-recemment-installe-sa-deuxieme-presse-miyakoshi\/","name":"Grupo Argraf, l'un des imprimeurs d'\u00e9tiquettes les plus puissants du march\u00e9 ib\u00e9rique, a r\u00e9cemment install\u00e9 sa deuxi\u00e8me presse Miyakoshi. | Miyakoshi","isPartOf":{"@id":"https:\/\/www.miyakoshi.eu\/fr\/#website"},"primaryImageOfPage":{"@id":"https:\/\/www.miyakoshi.eu\/fr\/grupo-argraf-lun-des-imprimeurs-detiquettes-les-plus-puissants-du-marche-iberique-a-recemment-installe-sa-deuxieme-presse-miyakoshi\/#primaryimage"},"image":{"@id":"https:\/\/www.miyakoshi.eu\/fr\/grupo-argraf-lun-des-imprimeurs-detiquettes-les-plus-puissants-du-marche-iberique-a-recemment-installe-sa-deuxieme-presse-miyakoshi\/#primaryimage"},"thumbnailUrl":"https:\/\/www.miyakoshi.eu\/wp-content\/uploads\/2022\/02\/59-es-scaled.jpg","datePublished":"2022-02-21T19:07:10+00:00","dateModified":"2022-02-22T10:25:33+00:00","breadcrumb":{"@id":"https:\/\/www.miyakoshi.eu\/fr\/grupo-argraf-lun-des-imprimeurs-detiquettes-les-plus-puissants-du-marche-iberique-a-recemment-installe-sa-deuxieme-presse-miyakoshi\/#breadcrumb"},"inLanguage":"fr-FR","potentialAction":[{"@type":"ReadAction","target":["https:\/\/www.miyakoshi.eu\/fr\/grupo-argraf-lun-des-imprimeurs-detiquettes-les-plus-puissants-du-marche-iberique-a-recemment-installe-sa-deuxieme-presse-miyakoshi\/"]}]},{"@type":"ImageObject","inLanguage":"fr-FR","@id":"https:\/\/www.miyakoshi.eu\/fr\/grupo-argraf-lun-des-imprimeurs-detiquettes-les-plus-puissants-du-marche-iberique-a-recemment-installe-sa-deuxieme-presse-miyakoshi\/#primaryimage","url":"https:\/\/www.miyakoshi.eu\/wp-content\/uploads\/2022\/02\/59-es-scaled.jpg","contentUrl":"https:\/\/www.miyakoshi.eu\/wp-content\/uploads\/2022\/02\/59-es-scaled.jpg","width":2560,"height":1707},{"@type":"BreadcrumbList","@id":"https:\/\/www.miyakoshi.eu\/fr\/grupo-argraf-lun-des-imprimeurs-detiquettes-les-plus-puissants-du-marche-iberique-a-recemment-installe-sa-deuxieme-presse-miyakoshi\/#breadcrumb","itemListElement":[{"@type":"ListItem","position":1,"name":"Portada","item":"https:\/\/www.miyakoshi.eu\/fr\/"},{"@type":"ListItem","position":2,"name":"Grupo Argraf, l&rsquo;un des imprimeurs d&rsquo;\u00e9tiquettes les plus puissants du march\u00e9 ib\u00e9rique, a r\u00e9cemment install\u00e9 sa deuxi\u00e8me presse Miyakoshi."}]},{"@type":"WebSite","@id":"https:\/\/www.miyakoshi.eu\/fr\/#website","url":"https:\/\/www.miyakoshi.eu\/fr\/","name":"Miyakoshi","description":"Fabricantes japoneses de impresoras offset","publisher":{"@id":"https:\/\/www.miyakoshi.eu\/fr\/#organization"},"potentialAction":[{"@type":"SearchAction","target":{"@type":"EntryPoint","urlTemplate":"https:\/\/www.miyakoshi.eu\/fr\/?s={search_term_string}"},"query-input":{"@type":"PropertyValueSpecification","valueRequired":true,"valueName":"search_term_string"}}],"inLanguage":"fr-FR"},{"@type":"Organization","@id":"https:\/\/www.miyakoshi.eu\/fr\/#organization","name":"Miyakoshi Europe, S.L.","url":"https:\/\/www.miyakoshi.eu\/fr\/","logo":{"@type":"ImageObject","inLanguage":"fr-FR","@id":"https:\/\/www.miyakoshi.eu\/fr\/#\/schema\/logo\/image\/","url":"https:\/\/www.miyakoshi.eu\/wp-content\/uploads\/2022\/02\/Logo-miyakoshi.svg","contentUrl":"https:\/\/www.miyakoshi.eu\/wp-content\/uploads\/2022\/02\/Logo-miyakoshi.svg","width":483,"height":98,"caption":"Miyakoshi Europe, S.L."},"image":{"@id":"https:\/\/www.miyakoshi.eu\/fr\/#\/schema\/logo\/image\/"},"sameAs":["https:\/\/www.linkedin.com\/company\/miyakoshieurope\/"]},{"@type":"Person","@id":"https:\/\/www.miyakoshi.eu\/fr\/#\/schema\/person\/5c064c49ea784cecedeec91e7774e02e","name":"e-tecnia","sameAs":["https:\/\/e-tecnia.es"]}]}},"acf":[],"_links":{"self":[{"href":"https:\/\/www.miyakoshi.eu\/fr\/wp-json\/wp\/v2\/posts\/2230","targetHints":{"allow":["GET"]}}],"collection":[{"href":"https:\/\/www.miyakoshi.eu\/fr\/wp-json\/wp\/v2\/posts"}],"about":[{"href":"https:\/\/www.miyakoshi.eu\/fr\/wp-json\/wp\/v2\/types\/post"}],"author":[{"embeddable":true,"href":"https:\/\/www.miyakoshi.eu\/fr\/wp-json\/wp\/v2\/users\/1"}],"replies":[{"embeddable":true,"href":"https:\/\/www.miyakoshi.eu\/fr\/wp-json\/wp\/v2\/comments?post=2230"}],"version-history":[{"count":1,"href":"https:\/\/www.miyakoshi.eu\/fr\/wp-json\/wp\/v2\/posts\/2230\/revisions"}],"predecessor-version":[{"id":2591,"href":"https:\/\/www.miyakoshi.eu\/fr\/wp-json\/wp\/v2\/posts\/2230\/revisions\/2591"}],"wp:featuredmedia":[{"embeddable":true,"href":"https:\/\/www.miyakoshi.eu\/fr\/wp-json\/wp\/v2\/media\/1300"}],"wp:attachment":[{"href":"https:\/\/www.miyakoshi.eu\/fr\/wp-json\/wp\/v2\/media?parent=2230"}],"wp:term":[{"taxonomy":"category","embeddable":true,"href":"https:\/\/www.miyakoshi.eu\/fr\/wp-json\/wp\/v2\/categories?post=2230"},{"taxonomy":"post_tag","embeddable":true,"href":"https:\/\/www.miyakoshi.eu\/fr\/wp-json\/wp\/v2\/tags?post=2230"}],"curies":[{"name":"wp","href":"https:\/\/api.w.org\/{rel}","templated":true}]}}